{"id":10638,"date":"2026-04-28T13:23:29","date_gmt":"2026-04-28T11:23:29","guid":{"rendered":"https:\/\/gokladek.pl\/?p=10638"},"modified":"2026-04-28T13:32:08","modified_gmt":"2026-04-28T11:32:08","slug":"rajd-rowerowy-4","status":"publish","type":"post","link":"https:\/\/gokladek.pl\/index.php\/2026\/04\/28\/rajd-rowerowy-4\/","title":{"rendered":"Rajd rowerowy"},"content":{"rendered":"<p>Powiat na rower z Karolin\u0105 Koci\u0119ck\u0105!<\/p>\n<p>Chcesz aktywnie sp\u0119dzi\u0107 niedziel\u0119 i poczu\u0107 \u015bwietn\u0105 atmosfer\u0119 wsp\u00f3lnej jazdy? \ud83d\ude0e<br data-start=\"195\" data-end=\"198\" \/>\ud83d\udc49 Wsi\u0105d\u017a na rower i do\u0142\u0105cz do naszego rajdu!<\/p>\n<p data-start=\"294\" data-end=\"370\">\ud83d\udcc5 <strong data-start=\"297\" data-end=\"320\">24 maja (niedziela)<\/strong><br data-start=\"320\" data-end=\"323\" \/>\u23f0 <strong data-start=\"325\" data-end=\"347\">start: godz. 10:00<\/strong><br data-start=\"347\" data-end=\"350\" \/>\ud83d\udccd <strong data-start=\"353\" data-end=\"370\">Rynek w L\u0105dku<\/strong><\/p>\n<p data-start=\"372\" data-end=\"462\">Zapraszamy mieszka\u0144c\u00f3w i go\u015bci do udzia\u0142u w <strong data-start=\"416\" data-end=\"452\">Rajdzie Rowerowym w Gminie L\u0105dek<\/strong> \ud83d\udeb4\u200d\u2642\ufe0f\ud83d\udc9b<\/p>\n<p data-start=\"464\" data-end=\"618\">\ud83d\udc49 <strong data-start=\"467\" data-end=\"487\">Jak si\u0119 zapisa\u0107?<\/strong><br data-start=\"487\" data-end=\"490\" \/>\u2714\ufe0f wype\u0142nij kart\u0119 zg\u0142oszenia<br data-start=\"518\" data-end=\"521\" \/>\u2714\ufe0f z\u0142\u00f3\u017c j\u0105 w biurze:<br data-start=\"541\" data-end=\"544\" \/>\ud83d\udccc GOK w L\u0105dku<br data-start=\"558\" data-end=\"561\" \/>\ud83d\udccc \u015awietlica Wiejska w Ci\u0105\u017ceniu<br data-start=\"592\" data-end=\"595\" \/>\u2714\ufe0f wpisowe: <strong data-start=\"607\" data-end=\"616\">10 z\u0142<\/strong><\/p>\n<p data-start=\"690\" data-end=\"930\">\ud83d\udd25 <strong data-start=\"693\" data-end=\"713\">Co na Was czeka?<\/strong><br data-start=\"713\" data-end=\"716\" \/>\u2714\ufe0f rekreacyjny przejazd w \u015bwietnej atmosferze<br data-start=\"761\" data-end=\"764\" \/>\u2714\ufe0f aktywnie sp\u0119dzony czas i integracja<br data-start=\"802\" data-end=\"805\" \/>\ud83d\udd25 <strong data-start=\"808\" data-end=\"860\">a na zako\u0144czenie \u2013 wsp\u00f3lne ognisko z kie\u0142baskami<\/strong>, idealne na odpoczynek i rozmowy w lu\u017anym, przyjaznym klimacie \ud83d\udd25<\/p>\n<p data-start=\"937\" data-end=\"1055\">\ud83d\udeb4\u200d\u2640\ufe0f <strong data-start=\"943\" data-end=\"982\">Zbieramy kilometry dla Gminy L\u0105dek!<\/strong><br data-start=\"982\" data-end=\"985\" \/>Rajd jest cz\u0119\u015bci\u0105 akcji \ud83d\udc49 <strong data-start=\"1012\" data-end=\"1053\">\u201ePowiat na rower z Karolin\u0105 Koci\u0119ck\u0105\u201d<\/strong><\/p>\n<p data-start=\"1057\" data-end=\"1319\">\ud83d\udcc5 <strong data-start=\"1060\" data-end=\"1088\">od 12 maja do 12 czerwca<\/strong> mo\u017cesz je\u017adzi\u0107 r\u00f3wnie\u017c indywidualnie!<br data-start=\"1126\" data-end=\"1129\" \/>\ud83d\udc49 jak to dzia\u0142a?<br data-start=\"1146\" data-end=\"1149\" \/>\u2714\ufe0f jedziesz na rower kiedy chcesz i gdzie chcesz<br data-start=\"1197\" data-end=\"1200\" \/>\u2714\ufe0f w\u0142\u0105czasz aplikacj\u0119 (np. Strava)<br data-start=\"1234\" data-end=\"1237\" \/>\u2714\ufe0f robisz screen z trasy (kilometry + data)<br data-start=\"1280\" data-end=\"1283\" \/>\u2714\ufe0f wysy\u0142asz na: <span style=\"color: #154d88; font-family: firaSemi;\"><span style=\"font-size: 12.0064px;\"><b>gok@gokladek.pl<\/b><\/span><\/span><\/p>\n<p data-start=\"1321\" data-end=\"1401\">\ud83d\udcca <strong data-start=\"1324\" data-end=\"1401\">Zesp\u00f3\u0142 GOK w L\u0105dku zlicza wszystkie kilometry \u2013 liczy si\u0119 ka\u017cdy przejazd!<\/strong><\/p>\n<p data-start=\"1408\" data-end=\"1493\">\ud83d\udc68\u200d\ud83d\udc69\u200d\ud83d\udc67\u200d\ud83d\udc66 Rajd dla ka\u017cdego!<br data-start=\"1437\" data-end=\"1440\" \/>(Pami\u0119taj: osoby niepe\u0142noletnie pod opiek\u0105 doros\u0142ych)<\/p>\n<p><a href=\"https:\/\/gokladek.pl\/wp-content\/uploads\/2026\/04\/KARTA-ZGLOSZENIA-RAJD-ROWEROWY-2026.docx\">KARTA ZG\u0141OSZENIA &#8211; RAJD ROWEROWY 2026<\/a><\/p>\n<p><a href=\"https:\/\/gokladek.pl\/wp-content\/uploads\/2026\/04\/regulamin-RAJDU-LADEK-2026.docx\">regulamin RAJDU L\u0104DEK 2026<\/a><\/p>\n<p><a href=\"https:\/\/gokladek.pl\/wp-content\/uploads\/2026\/04\/GMINNEGO-RAJDU-PIESZO-ROWEROWEGO-z-okazji100.ocznicy-ustanowienia-Gminy-Ladek-1.jpg\"><img fetchpriority=\"high\" decoding=\"async\" class=\"aligncenter size-large wp-image-10639\" src=\"https:\/\/gokladek.pl\/wp-content\/uploads\/2026\/04\/GMINNEGO-RAJDU-PIESZO-ROWEROWEGO-z-okazji100.ocznicy-ustanowienia-Gminy-Ladek-1-724x1024.jpg\" alt=\"\" width=\"683\" height=\"966\" srcset=\"https:\/\/gokladek.pl\/wp-content\/uploads\/2026\/04\/GMINNEGO-RAJDU-PIESZO-ROWEROWEGO-z-okazji100.ocznicy-ustanowienia-Gminy-Ladek-1-724x1024.jpg 724w, https:\/\/gokladek.pl\/wp-content\/uploads\/2026\/04\/GMINNEGO-RAJDU-PIESZO-ROWEROWEGO-z-okazji100.ocznicy-ustanowienia-Gminy-Ladek-1-212x300.jpg 212w, https:\/\/gokladek.pl\/wp-content\/uploads\/2026\/04\/GMINNEGO-RAJDU-PIESZO-ROWEROWEGO-z-okazji100.ocznicy-ustanowienia-Gminy-Ladek-1-768x1086.jpg 768w, https:\/\/gokladek.pl\/wp-content\/uploads\/2026\/04\/GMINNEGO-RAJDU-PIESZO-ROWEROWEGO-z-okazji100.ocznicy-ustanowienia-Gminy-Ladek-1-1086x1536.jpg 1086w, https:\/\/gokladek.pl\/wp-content\/uploads\/2026\/04\/GMINNEGO-RAJDU-PIESZO-ROWEROWEGO-z-okazji100.ocznicy-ustanowienia-Gminy-Ladek-1-1448x2048.jpg 1448w, https:\/\/gokladek.pl\/wp-content\/uploads\/2026\/04\/GMINNEGO-RAJDU-PIESZO-ROWEROWEGO-z-okazji100.ocznicy-ustanowienia-Gminy-Ladek-1-600x849.jpg 600w, https:\/\/gokladek.pl\/wp-content\/uploads\/2026\/04\/GMINNEGO-RAJDU-PIESZO-ROWEROWEGO-z-okazji100.ocznicy-ustanowienia-Gminy-Ladek-1.jpg 1587w\" sizes=\"(max-width: 683px) 100vw, 683px\" \/><\/a><\/p>\n<p style=\"text-align: center;\">Trasa rajdu rowerowego 24.05.2026r.<\/p>\n<p style=\"text-align: center;\"><a href=\"https:\/\/gokladek.pl\/wp-content\/uploads\/2026\/04\/Trasa-rajdu-rowerowego.jpg\">Trasa rajdu rowerowego 2026<img decoding=\"async\" class=\"aligncenter size-full wp-image-10644\" src=\"https:\/\/gokladek.pl\/wp-content\/uploads\/2026\/04\/Trasa-rajdu-rowerowego.jpg\" alt=\"\" width=\"800\" height=\"422\" srcset=\"https:\/\/gokladek.pl\/wp-content\/uploads\/2026\/04\/Trasa-rajdu-rowerowego.jpg 800w, https:\/\/gokladek.pl\/wp-content\/uploads\/2026\/04\/Trasa-rajdu-rowerowego-300x158.jpg 300w, https:\/\/gokladek.pl\/wp-content\/uploads\/2026\/04\/Trasa-rajdu-rowerowego-768x405.jpg 768w, https:\/\/gokladek.pl\/wp-content\/uploads\/2026\/04\/Trasa-rajdu-rowerowego-600x317.jpg 600w\" sizes=\"(max-width: 800px) 100vw, 800px\" \/><\/a><\/p>\n","protected":false},"excerpt":{"rendered":"<p>Powiat na rower z Karolin\u0105 Koci\u0119ck\u0105! Chcesz aktywnie sp\u0119dzi\u0107 niedziel\u0119 i poczu\u0107 \u015bwietn\u0105 atmosfer\u0119 wsp\u00f3lnej jazdy? \ud83d\ude0e\ud83d\udc49 Wsi\u0105d\u017a na rower i do\u0142\u0105cz do naszego rajdu! \ud83d\udcc5 24 maja (niedziela)\u23f0 start: godz. 10:00\ud83d\udccd Rynek w L\u0105dku Zapraszamy mieszka\u0144c\u00f3w i go\u015bci do udzia\u0142u w Rajdzie Rowerowym w Gminie L\u0105dek \ud83d\udeb4\u200d\u2642\ufe0f\ud83d\udc9b \ud83d\udc49 Jak si\u0119 zapisa\u0107?\u2714\ufe0f wype\u0142nij kart\u0119 zg\u0142oszenia\u2714\ufe0f [&hellip;]<\/p>\n","protected":false},"author":3,"featured_media":0,"comment_status":"open","ping_status":"closed","sticky":false,"template":"","format":"standard","meta":{"footnotes":""},"categories":[1],"tags":[],"_links":{"self":[{"href":"https:\/\/gokladek.pl\/index.php\/wp-json\/wp\/v2\/posts\/10638"}],"collection":[{"href":"https:\/\/gokladek.pl\/index.php\/wp-json\/wp\/v2\/posts"}],"about":[{"href":"https:\/\/gokladek.pl\/index.php\/wp-json\/wp\/v2\/types\/post"}],"author":[{"embeddable":true,"href":"https:\/\/gokladek.pl\/index.php\/wp-json\/wp\/v2\/users\/3"}],"replies":[{"embeddable":true,"href":"https:\/\/gokladek.pl\/index.php\/wp-json\/wp\/v2\/comments?post=10638"}],"version-history":[{"count":4,"href":"https:\/\/gokladek.pl\/index.php\/wp-json\/wp\/v2\/posts\/10638\/revisions"}],"predecessor-version":[{"id":10649,"href":"https:\/\/gokladek.pl\/index.php\/wp-json\/wp\/v2\/posts\/10638\/revisions\/10649"}],"wp:attachment":[{"href":"https:\/\/gokladek.pl\/index.php\/wp-json\/wp\/v2\/media?parent=10638"}],"wp:term":[{"taxonomy":"category","embeddable":true,"href":"https:\/\/gokladek.pl\/index.php\/wp-json\/wp\/v2\/categories?post=10638"},{"taxonomy":"post_tag","embeddable":true,"href":"https:\/\/gokladek.pl\/index.php\/wp-json\/wp\/v2\/tags?post=10638"}],"curies":[{"name":"wp","href":"https:\/\/api.w.org\/{rel}","templated":true}]}}