{"id":483,"date":"2016-05-02T23:48:28","date_gmt":"2016-05-02T21:48:28","guid":{"rendered":"http:\/\/gokladek.pl\/?p=483"},"modified":"2016-05-03T23:52:59","modified_gmt":"2016-05-03T21:52:59","slug":"a","status":"publish","type":"post","link":"https:\/\/gokladek.pl\/index.php\/2016\/05\/02\/a\/","title":{"rendered":"Wizyta uczni\u00f3w z SP w L\u0105dku"},"content":{"rendered":"<p>W  czwartek 28  kwietnia br   Gminny O\u015brodek Kultury  odwiedzili uczniowie ze Szko\u0142y Podstawowej w L\u0105dku z klasy I z wych. Renat\u0105 Nowak  w celu  obejrzenia  Poplenerowej wystawy malarstwa  malarzy amator\u00f3w z wielkopolski  pt:\u201d Zak\u0105tki naszego powiatu\u201d, kt\u00f3ra dobiega ju\u017c ko\u0144ca.<!--more--><\/p>\n<div id='gallery-1' class='gallery galleryid-483 gallery-columns-3 gallery-size-thumbnail'><figure class='gallery-item'>\n\t\t\t<div class='gallery-icon landscape'>\n\t\t\t\t<a href='https:\/\/gokladek.pl\/wp-content\/uploads\/2016\/05\/P4250787.jpg'><img decoding=\"async\" width=\"150\" height=\"150\" src=\"https:\/\/gokladek.pl\/wp-content\/uploads\/2016\/05\/P4250787-150x150.jpg\" class=\"attachment-thumbnail size-thumbnail\" alt=\"\" aria-describedby=\"gallery-1-487\" \/><\/a>\n\t\t\t<\/div>\n\t\t\t\t<figcaption class='wp-caption-text gallery-caption' id='gallery-1-487'>\n\t\t\t\tOLYMPUS DIGITAL CAMERA\n\t\t\t\t<\/figcaption><\/figure><figure class='gallery-item'>\n\t\t\t<div class='gallery-icon landscape'>\n\t\t\t\t<a href='https:\/\/gokladek.pl\/wp-content\/uploads\/2016\/05\/P4250790.jpg'><img decoding=\"async\" width=\"150\" height=\"150\" src=\"https:\/\/gokladek.pl\/wp-content\/uploads\/2016\/05\/P4250790-150x150.jpg\" class=\"attachment-thumbnail size-thumbnail\" alt=\"\" aria-describedby=\"gallery-1-488\" \/><\/a>\n\t\t\t<\/div>\n\t\t\t\t<figcaption class='wp-caption-text gallery-caption' id='gallery-1-488'>\n\t\t\t\tOLYMPUS DIGITAL CAMERA\n\t\t\t\t<\/figcaption><\/figure><figure class='gallery-item'>\n\t\t\t<div class='gallery-icon landscape'>\n\t\t\t\t<a href='https:\/\/gokladek.pl\/wp-content\/uploads\/2016\/05\/P4250793.jpg'><img decoding=\"async\" width=\"150\" height=\"150\" src=\"https:\/\/gokladek.pl\/wp-content\/uploads\/2016\/05\/P4250793-150x150.jpg\" class=\"attachment-thumbnail size-thumbnail\" alt=\"\" aria-describedby=\"gallery-1-489\" \/><\/a>\n\t\t\t<\/div>\n\t\t\t\t<figcaption class='wp-caption-text gallery-caption' id='gallery-1-489'>\n\t\t\t\tOLYMPUS DIGITAL CAMERA\n\t\t\t\t<\/figcaption><\/figure>\n\t\t<\/div>\n\n","protected":false},"excerpt":{"rendered":"<p>W czwartek 28 kwietnia br Gminny O\u015brodek Kultury odwiedzili uczniowie ze Szko\u0142y Podstawowej w L\u0105dku z klasy I z wych. Renat\u0105 Nowak w celu obejrzenia Poplenerowej wystawy malarstwa malarzy amator\u00f3w z wielkopolski pt:\u201d Zak\u0105tki naszego powiatu\u201d, kt\u00f3ra dobiega ju\u017c ko\u0144ca.<\/p>\n","protected":false},"author":1,"featured_media":484,"comment_status":"closed","ping_status":"closed","sticky":false,"template":"","format":"standard","meta":{"footnotes":""},"categories":[1],"tags":[],"_links":{"self":[{"href":"https:\/\/gokladek.pl\/index.php\/wp-json\/wp\/v2\/posts\/483"}],"collection":[{"href":"https:\/\/gokladek.pl\/index.php\/wp-json\/wp\/v2\/posts"}],"about":[{"href":"https:\/\/gokladek.pl\/index.php\/wp-json\/wp\/v2\/types\/post"}],"author":[{"embeddable":true,"href":"https:\/\/gokladek.pl\/index.php\/wp-json\/wp\/v2\/users\/1"}],"replies":[{"embeddable":true,"href":"https:\/\/gokladek.pl\/index.php\/wp-json\/wp\/v2\/comments?post=483"}],"version-history":[{"count":4,"href":"https:\/\/gokladek.pl\/index.php\/wp-json\/wp\/v2\/posts\/483\/revisions"}],"predecessor-version":[{"id":491,"href":"https:\/\/gokladek.pl\/index.php\/wp-json\/wp\/v2\/posts\/483\/revisions\/491"}],"wp:featuredmedia":[{"embeddable":true,"href":"https:\/\/gokladek.pl\/index.php\/wp-json\/wp\/v2\/media\/484"}],"wp:attachment":[{"href":"https:\/\/gokladek.pl\/index.php\/wp-json\/wp\/v2\/media?parent=483"}],"wp:term":[{"taxonomy":"category","embeddable":true,"href":"https:\/\/gokladek.pl\/index.php\/wp-json\/wp\/v2\/categories?post=483"},{"taxonomy":"post_tag","embeddable":true,"href":"https:\/\/gokladek.pl\/index.php\/wp-json\/wp\/v2\/tags?post=483"}],"curies":[{"name":"wp","href":"https:\/\/api.w.org\/{rel}","templated":true}]}}