{"id":776,"date":"2016-08-05T11:48:04","date_gmt":"2016-08-05T09:48:04","guid":{"rendered":"http:\/\/gokladek.pl\/?p=776"},"modified":"2016-08-05T12:03:23","modified_gmt":"2016-08-05T10:03:23","slug":"narodowe-czytanie-2-wrzesnia-2016-r-godz-11-00-w-kosciele-pw-sw-mikolaja-biskupa-w-ladku","status":"publish","type":"post","link":"https:\/\/gokladek.pl\/index.php\/2016\/08\/05\/narodowe-czytanie-2-wrzesnia-2016-r-godz-11-00-w-kosciele-pw-sw-mikolaja-biskupa-w-ladku\/","title":{"rendered":"Narodowe czytanie 2 wrze\u015bnia 2016 r. godz 11.00 w Ko\u015bciele pw. \u015bw. Miko\u0142aja Biskupa w L\u0105dku"},"content":{"rendered":"<p><a href=\"http:\/\/gokladek.pl\/wp-content\/uploads\/2016\/08\/Scan1036_d.jpg\"><img decoding=\"async\" class=\"size-medium wp-image-6600 aligncenter\" title=\"Untitled-1\" src=\"http:\/\/gokladek.pl\/wp-content\/uploads\/2016\/08\/Scan1036_m.jpg\" alt=\"\" \/><\/a><\/p>\n<p>Po raz pierwszy serdecznie zapraszamy mieszka\u0144c\u00f3w gminy L\u0105dek do uczestniczenia w akcji kt\u00f3rej inicjatorem jest Para Prezydencka RP. Narodowe Czytanie stanowi wspania\u0142\u0105 okazj\u0119 by jeszcze raz prze\u017cy\u0107 zapieraj\u0105ce dech w piersiach pocz\u0105tki chrze\u015bcija\u0144stwa, bo cho\u0107 znamy tre\u015b\u0107 Sienkiewiczowskich bohater\u00f3w to wsp\u00f3lna lektura jest doskona\u0142ym momentem, by odczyta\u0107 ten tekst na nowo i zada\u0107 mu wsp\u00f3\u0142czesne pytania, zastanowi\u0107 si\u0119 nad tym co m\u00f3wi do nas dzi\u015b. Zach\u0119camy do s\u0142uchania jednocze\u015bnie pami\u0119taj\u0105c o tym, i\u017c najwybitniejsze dzie\u0142a literatury polskiej tak pi\u0119knie jednocz\u0105 wsp\u00f3lnot\u0119 , wzmacniaj\u0105c polsk\u0105 to\u017csamo\u015b\u0107 narodow\u0105 i dum\u0119. Tego rodzaju inicjatywy sprzyjaj\u0105 wzmocnieniu wsp\u00f3lnotowo\u015bci, u\u015bwiadamiaj\u0105c, jak wiele \u0142\u0105czy nas jako nar\u00f3d. Mamy nadziej\u0119 \u017ce dzi\u0119ki Pa\u0144stwu mieszka\u0144com gminy L\u0105dek Narodowe Czytanie w naszej gminie oka\u017ce si\u0119 wspania\u0142ym wydarzeniem kulturalnym i zach\u0119ci do czytania innych, r\u00f3wnie wspania\u0142ych dzie\u0142 literatury polskiej.<\/p>\n","protected":false},"excerpt":{"rendered":"<p>Po raz pierwszy serdecznie zapraszamy mieszka\u0144c\u00f3w gminy L\u0105dek do uczestniczenia w akcji kt\u00f3rej inicjatorem jest Para Prezydencka RP. Narodowe Czytanie stanowi wspania\u0142\u0105 okazj\u0119 by jeszcze raz prze\u017cy\u0107 zapieraj\u0105ce dech w piersiach pocz\u0105tki chrze\u015bcija\u0144stwa, bo cho\u0107 znamy tre\u015b\u0107 Sienkiewiczowskich bohater\u00f3w to wsp\u00f3lna lektura jest doskona\u0142ym momentem, by odczyta\u0107 ten tekst na nowo i zada\u0107 mu wsp\u00f3\u0142czesne [&hellip;]<\/p>\n","protected":false},"author":1,"featured_media":0,"comment_status":"closed","ping_status":"closed","sticky":false,"template":"","format":"standard","meta":{"footnotes":""},"categories":[1],"tags":[],"_links":{"self":[{"href":"https:\/\/gokladek.pl\/index.php\/wp-json\/wp\/v2\/posts\/776"}],"collection":[{"href":"https:\/\/gokladek.pl\/index.php\/wp-json\/wp\/v2\/posts"}],"about":[{"href":"https:\/\/gokladek.pl\/index.php\/wp-json\/wp\/v2\/types\/post"}],"author":[{"embeddable":true,"href":"https:\/\/gokladek.pl\/index.php\/wp-json\/wp\/v2\/users\/1"}],"replies":[{"embeddable":true,"href":"https:\/\/gokladek.pl\/index.php\/wp-json\/wp\/v2\/comments?post=776"}],"version-history":[{"count":2,"href":"https:\/\/gokladek.pl\/index.php\/wp-json\/wp\/v2\/posts\/776\/revisions"}],"predecessor-version":[{"id":785,"href":"https:\/\/gokladek.pl\/index.php\/wp-json\/wp\/v2\/posts\/776\/revisions\/785"}],"wp:attachment":[{"href":"https:\/\/gokladek.pl\/index.php\/wp-json\/wp\/v2\/media?parent=776"}],"wp:term":[{"taxonomy":"category","embeddable":true,"href":"https:\/\/gokladek.pl\/index.php\/wp-json\/wp\/v2\/categories?post=776"},{"taxonomy":"post_tag","embeddable":true,"href":"https:\/\/gokladek.pl\/index.php\/wp-json\/wp\/v2\/tags?post=776"}],"curies":[{"name":"wp","href":"https:\/\/api.w.org\/{rel}","templated":true}]}}